{"id":39944,"date":"2025-03-28T09:00:00","date_gmt":"2025-03-28T13:00:00","guid":{"rendered":"https:\/\/www.mastercam.com\/news\/blog\/internationella-kvinnohistoriska-manaden-2\/"},"modified":"2026-01-16T11:26:41","modified_gmt":"2026-01-16T16:26:41","slug":"internationella-kvinnohistoriska-manaden-2","status":"publish","type":"post","link":"https:\/\/www.mastercam.com\/sv\/community\/blog\/internationella-kvinnohistoriska-manaden-2\/","title":{"rendered":"Internationella kvinnohistoriska m\u00e5naden"},"content":{"rendered":"\n<h5 class=\"wp-block-heading\">Sandra Anderstedt: Leda med innovation och inkludering<\/h5>\n\n<p>Sandra Anderstedt, Vice President och Head of Marketing and Communications p\u00e5 Sandvik Manufacturing Solutions, \u00e4r en ledare inom den industriella sektorn. Med n\u00e4stan tv\u00e5 decenniers erfarenhet av att leda globala marknads- och kommunikationsteam har Sandra varit en transformerande kraft. Hennes ledarskapsprinciper och innovativa tillv\u00e4gag\u00e5ngss\u00e4tt har drivit fram meningsfulla f\u00f6r\u00e4ndringar och fr\u00e4mjat en inkluderande och h\u00f6gpresterande arbetsmilj\u00f6.  <\/p>\n\n<h3 class=\"wp-block-heading\">Viktiga ledarskapsprinciper<\/h3>\n\n<p>F\u00f6r Sandra handlar ledarskap om att skapa ett utrymme d\u00e4r olika perspektiv, erfarenheter och id\u00e9er m\u00f6ts f\u00f6r att skapa n\u00e5got stort. <em>&#8220;Jag tror att ledarskap handlar om att skapa en milj\u00f6 d\u00e4r olika perspektiv, erfarenheter och personligheter m\u00f6ts f\u00f6r att skapa n\u00e5got som \u00e4r st\u00f6rre \u00e4n summan av dess delar&#8221;,<\/em> f\u00f6rklarar hon.<\/p>\n\n<p>Hon ser m\u00e5ngfald som en viktig ingrediens f\u00f6r h\u00f6gpresterande team &#8211; inte bara n\u00e4r det g\u00e4ller k\u00f6n, utan \u00e4ven bakgrund, erfarenhet och tankes\u00e4tt.  <em>&#8220;N\u00e4r du har ett team av smarta specialister blir ledarskapet ett privilegium. Du f\u00e5r v\u00e4gleda visionen samtidigt som du ger din omgivning m\u00f6jlighet att utforma den b\u00e4sta v\u00e4gen fram\u00e5t.&#8221;<\/em><\/p>\n\n<p>Sandras ledarskap bygger p\u00e5 \u00f6ppenhet, f\u00f6rtroende och inkludering. <em>&#8220;Jag tror p\u00e5 att dela en gemensam vision, definiera m\u00e5l tillsammans och sedan ge m\u00e4nniskor frihet att agera&#8221;,<\/em> s\u00e4ger hon. Genom att uppmuntra till \u00f6ppen kommunikation och se till att alla k\u00e4nner sig uppskattade skapar hon en milj\u00f6 d\u00e4r innovation och produktivitet frodas. Hon tror ocks\u00e5 p\u00e5 att njuta av processen: <em>&#8220;Ett starkt team handlar inte bara om prestation, utan ocks\u00e5 om att v\u00e4xa tillsammans, prova nya saker och komplettera varandras styrkor.&#8221;<\/em>  <\/p>\n\n<h3 class=\"wp-block-heading\">Driva innovation och kommunikation<\/h3>\n\n<p>Som ledare inom marknadsf\u00f6ring och digitalisering har Sandra tagit sig an m\u00e5nga utmaningar i en bransch som utvecklas snabbt. Trots de traditionella k\u00f6nsnormerna inom industriell tillverkning har hon aldrig l\u00e5tit det definiera hennes karri\u00e4r.   <em>&#8220;Under mina n\u00e4stan 20 \u00e5r p\u00e5 Sandvik har jag faktiskt aldrig reflekterat \u00f6ver mitt k\u00f6n &#8211; jag har alltid k\u00e4nt att jag \u00e4r tillsammans med likasinnade d\u00e4r vi alla bidrar med olika styrkor, erfarenheter och perspektiv. Jag har k\u00e4nt mig uppskattad, respekterad och tagen p\u00e5 allvar f\u00f6r den jag \u00e4r och f\u00f6r de bidrag jag ger.&#8221;<\/em><\/p>\n\n<p>F\u00f6r Sandra \u00e4r stark kommunikation nyckeln till att s\u00e4tta en tydlig riktning.  <em>&#8220;Kommunikation \u00e4r avg\u00f6rande f\u00f6r att s\u00e4tta en tydlig riktning &#8211; vart vi \u00e4r p\u00e5 v\u00e4g, vad som \u00e4r viktigt och hur vi m\u00e4ter framsteg. Det handlar om att se till att alla \u00e4r med p\u00e5 t\u00e5get, att fira framg\u00e5ngar och att l\u00e4ra sig under resans g\u00e5ng.&#8221;<\/em><\/p>\n\n<p>Hon trivs med innovation och letar alltid efter nya s\u00e4tt att t\u00e4nja p\u00e5 gr\u00e4nserna och f\u00f6rb\u00e4ttra effektiviteten.  <em>&#8220;Innovation \u00e4r en drivkraft f\u00f6r mig personligen. Jag f\u00e5r energi av att prova nya saker, t\u00e4nja p\u00e5 gr\u00e4nser och hitta b\u00e4ttre s\u00e4tt att g\u00f6ra saker p\u00e5. Detta tankes\u00e4tt \u00e4r ocks\u00e5 djupt f\u00f6rankrat i Sandviks DNA &#8211; under de senaste 160 \u00e5ren har innovation varit k\u00e4rnan i det vi g\u00f6r. Det \u00e4r det som f\u00e5r oss att r\u00f6ra oss fram\u00e5t, och det \u00e4r det som ger mig inspiration varje dag.&#8221;<\/em><\/p>\n\n<h3 class=\"wp-block-heading\">R\u00e5d till blivande kvinnliga ledare<\/h3>\n\n<figure class=\"wp-block-image size-full\"><img loading=\"lazy\" decoding=\"async\" width=\"825\" height=\"550\" src=\"https:\/\/www.mastercam.com\/wp-content\/uploads\/2025\/03\/Sandra_Anderstedt_2.jpg\" alt=\"\" class=\"wp-image-27659\" srcset=\"https:\/\/www.mastercam.com\/wp-content\/uploads\/2025\/03\/Sandra_Anderstedt_2.jpg 825w, https:\/\/www.mastercam.com\/wp-content\/uploads\/2025\/03\/Sandra_Anderstedt_2-300x200.jpg 300w, https:\/\/www.mastercam.com\/wp-content\/uploads\/2025\/03\/Sandra_Anderstedt_2-768x512.jpg 768w, https:\/\/www.mastercam.com\/wp-content\/uploads\/2025\/03\/Sandra_Anderstedt_2-112x75.jpg 112w, https:\/\/www.mastercam.com\/wp-content\/uploads\/2025\/03\/Sandra_Anderstedt_2-224x149.jpg 224w\" sizes=\"auto, (max-width: 825px) 100vw, 825px\" \/><\/figure>\n\n<p>Sandra uppmuntrar kvinnor att g\u00f6ra karri\u00e4r inom marknadsf\u00f6ring, kommunikation och ledarskap inom globala och tekniska industrier. Hon finner tillfredsst\u00e4llelse i att bidra till ett f\u00f6retag som drivs av ett tydligt syfte: att utveckla v\u00e4rlden genom ingenj\u00f6rskonst.   <em>&#8220;Tillverkningsindustrin spelar en avg\u00f6rande roll n\u00e4r det g\u00e4ller att g\u00f6ra v\u00e4rlden mer h\u00e5llbar, utveckla b\u00e4ttre produkter och hitta effektivare och mer ansvarsfulla s\u00e4tt att producera dem. Det \u00e4r otroligt givande att bidra till n\u00e5got som har en verklig inverkan p\u00e5 m\u00e4nniskors dagliga liv.&#8221;<\/em><\/p>\n\n<p>Hennes r\u00e5d till blivande ledare \u00e4r enkelt: <em>&#8220;Tro p\u00e5 dig sj\u00e4lv, var nyfiken och g\u00f6r alltid ditt b\u00e4sta. V\u00e5ga prova nya saker, och viktigast av allt: h\u00e5ll vad du lovar. H\u00e5rt arbete och p\u00e5litlighet r\u00e4cker l\u00e5ngt f\u00f6r att bygga upp f\u00f6rtroende och \u00f6ppna d\u00f6rrar f\u00f6r nya m\u00f6jligheter.&#8221;<\/em><\/p>\n\n<p>Inom marknadsf\u00f6ring och kommunikation \u00e4r nyfikenhet nyckeln. &#8220;<em>Ta dig tid att verkligen f\u00f6rst\u00e5 produkterna, verksamheten och f\u00f6retagets strategi. Tillbringa tid ute i organisationen, l\u00e4r k\u00e4nna m\u00e4nniskor i olika funktioner, be om deras synpunkter, l\u00e4r dig vad produkterna g\u00f6r, s\u00e5 blir det l\u00e4ttare att koppla ihop kommunikation och aff\u00e4rsm\u00e5l. Ju mer du f\u00f6rst\u00e5r den st\u00f6rre bilden, desto st\u00f6rre inverkan kan du ha p\u00e5 utformningen av ett starkt och meningsfullt varum\u00e4rke.&#8221;  <\/em><\/p>\n\n<h3 class=\"wp-block-heading\">Blickar fram\u00e5t<\/h3>\n\n<p>Sandra Anderstedts ledarskap p\u00e5 Sandvik Manufacturing Solutions exemplifierar kraften i m\u00e5ngfald, innovation och effektiv kommunikation. Hennes engagemang f\u00f6r att fr\u00e4mja en inkluderande och h\u00f6gpresterande milj\u00f6 har inte bara drivit fram meningsfulla f\u00f6r\u00e4ndringar inom f\u00f6retaget utan fungerar ocks\u00e5 som inspiration f\u00f6r blivande kvinnliga ledare i branschen. Genom sitt engagemang och sin vision forts\u00e4tter Sandra att utveckla v\u00e4rlden inom tillverkning och teknik och bevisar att olika perspektiv och samarbete \u00e4r nyckeln till framg\u00e5ng.  <\/p>\n\n<p><\/p>\n","protected":false},"excerpt":{"rendered":"<p>Sandra Anderstedt: Leda med innovation och inkludering Sandra Anderstedt, Vice President och Head of Marketing [&hellip;]<\/p>\n","protected":false},"author":4,"featured_media":39953,"comment_status":"closed","ping_status":"closed","sticky":false,"template":"","format":"standard","meta":{"_acf_changed":false,"footnotes":""},"categories":[457],"tags":[539,461,540,475,471,462],"class_list":["post-39944","post","type-post","status-publish","format-standard","has-post-thumbnail","hentry","category-handelser","tag-automatisering","tag-cad-cam","tag-kvinnor","tag-maskinbearbetning","tag-mastercam","tag-tillverkning"],"acf":[],"yoast_head":"<!-- This site is optimized with the Yoast SEO plugin v26.8 - https:\/\/yoast.com\/product\/yoast-seo-wordpress\/ -->\n<title>Internationella kvinnohistoriska m\u00e5naden - mastercam.com<\/title>\n<meta name=\"description\" content=\"Sandra Anderstedt: Leda med innovation och inkludering Sandra Anderstedt, Vice President och Head of Marketing and Communications p\u00e5 Sandvik Manufacturing Kolla in v\u00e5r intervju med Nikki Gonzales, en pionj\u00e4r inom industriell automation, f\u00f6r International Women&#039;s History Month! mastercam.com\" \/>\n<meta name=\"robots\" content=\"index, follow, max-snippet:-1, max-image-preview:large, max-video-preview:-1\" \/>\n<link rel=\"canonical\" href=\"https:\/\/www.mastercam.com\/sv\/community\/blog\/internationella-kvinnohistoriska-manaden-2\/\" \/>\n<meta property=\"og:locale\" content=\"sv_SE\" \/>\n<meta property=\"og:type\" content=\"article\" \/>\n<meta property=\"og:title\" content=\"Internationella kvinnohistoriska m\u00e5naden - mastercam.com\" \/>\n<meta property=\"og:description\" content=\"Sandra Anderstedt: Leda med innovation och inkludering Sandra Anderstedt, Vice President och Head of Marketing and Communications p\u00e5 Sandvik Manufacturing Kolla in v\u00e5r intervju med Nikki Gonzales, en pionj\u00e4r inom industriell automation, f\u00f6r International Women&#039;s History Month! mastercam.com\" \/>\n<meta property=\"og:url\" content=\"https:\/\/www.mastercam.com\/sv\/community\/blog\/internationella-kvinnohistoriska-manaden-2\/\" \/>\n<meta property=\"og:site_name\" content=\"mastercam.com\" \/>\n<meta property=\"article:publisher\" content=\"https:\/\/www.facebook.com\/Mastercam\/\" \/>\n<meta property=\"article:published_time\" content=\"2025-03-28T13:00:00+00:00\" \/>\n<meta property=\"article:modified_time\" content=\"2026-01-16T16:26:41+00:00\" \/>\n<meta property=\"og:image\" content=\"https:\/\/www.mastercam.com\/wp-content\/uploads\/2025\/03\/Sandra-Anderstedt-Crop.jpg\" \/>\n\t<meta property=\"og:image:width\" content=\"735\" \/>\n\t<meta property=\"og:image:height\" content=\"550\" \/>\n\t<meta property=\"og:image:type\" content=\"image\/jpeg\" \/>\n<meta name=\"author\" content=\"Courtney Riley\" \/>\n<meta name=\"twitter:card\" content=\"summary_large_image\" \/>\n<meta name=\"twitter:creator\" content=\"@mastercam\" \/>\n<meta name=\"twitter:site\" content=\"@mastercam\" \/>\n<meta name=\"twitter:label1\" content=\"Written by\" \/>\n\t<meta name=\"twitter:data1\" content=\"Courtney Riley\" \/>\n\t<meta name=\"twitter:label2\" content=\"Est. reading time\" \/>\n\t<meta name=\"twitter:data2\" content=\"5 minutes\" \/>\n<script type=\"application\/ld+json\" class=\"yoast-schema-graph\">{\"@context\":\"https:\/\/schema.org\",\"@graph\":[{\"@type\":\"Article\",\"@id\":\"https:\/\/www.mastercam.com\/sv\/community\/blog\/internationella-kvinnohistoriska-manaden-2\/#article\",\"isPartOf\":{\"@id\":\"https:\/\/www.mastercam.com\/sv\/community\/blog\/internationella-kvinnohistoriska-manaden-2\/\"},\"author\":{\"name\":\"Courtney Riley\",\"@id\":\"https:\/\/www.mastercam.com\/sv\/#\/schema\/person\/c9de6ddcfafea055eee2e90133f17014\"},\"headline\":\"Internationella kvinnohistoriska m\u00e5naden\",\"datePublished\":\"2025-03-28T13:00:00+00:00\",\"dateModified\":\"2026-01-16T16:26:41+00:00\",\"mainEntityOfPage\":{\"@id\":\"https:\/\/www.mastercam.com\/sv\/community\/blog\/internationella-kvinnohistoriska-manaden-2\/\"},\"wordCount\":906,\"publisher\":{\"@id\":\"https:\/\/www.mastercam.com\/sv\/#organization\"},\"image\":{\"@id\":\"https:\/\/www.mastercam.com\/sv\/community\/blog\/internationella-kvinnohistoriska-manaden-2\/#primaryimage\"},\"thumbnailUrl\":\"https:\/\/www.mastercam.com\/wp-content\/uploads\/2025\/03\/Sandra-Anderstedt-Crop.jpg\",\"keywords\":[\"Automatisering\",\"cad\/cam\",\"Kvinnor\",\"Maskinbearbetning\",\"Mastercam\",\"Tillverkning\"],\"articleSection\":[\"H\u00e4ndelser\"],\"inLanguage\":\"sv-SE\"},{\"@type\":\"WebPage\",\"@id\":\"https:\/\/www.mastercam.com\/sv\/community\/blog\/internationella-kvinnohistoriska-manaden-2\/\",\"url\":\"https:\/\/www.mastercam.com\/sv\/community\/blog\/internationella-kvinnohistoriska-manaden-2\/\",\"name\":\"Internationella kvinnohistoriska m\u00e5naden - mastercam.com\",\"isPartOf\":{\"@id\":\"https:\/\/www.mastercam.com\/sv\/#website\"},\"primaryImageOfPage\":{\"@id\":\"https:\/\/www.mastercam.com\/sv\/community\/blog\/internationella-kvinnohistoriska-manaden-2\/#primaryimage\"},\"image\":{\"@id\":\"https:\/\/www.mastercam.com\/sv\/community\/blog\/internationella-kvinnohistoriska-manaden-2\/#primaryimage\"},\"thumbnailUrl\":\"https:\/\/www.mastercam.com\/wp-content\/uploads\/2025\/03\/Sandra-Anderstedt-Crop.jpg\",\"datePublished\":\"2025-03-28T13:00:00+00:00\",\"dateModified\":\"2026-01-16T16:26:41+00:00\",\"description\":\"Sandra Anderstedt: Leda med innovation och inkludering Sandra Anderstedt, Vice President och Head of Marketing and Communications p\u00e5 Sandvik Manufacturing Kolla in v\u00e5r intervju med Nikki Gonzales, en pionj\u00e4r inom industriell automation, f\u00f6r International Women's History Month! mastercam.com\",\"breadcrumb\":{\"@id\":\"https:\/\/www.mastercam.com\/sv\/community\/blog\/internationella-kvinnohistoriska-manaden-2\/#breadcrumb\"},\"inLanguage\":\"sv-SE\",\"potentialAction\":[{\"@type\":\"ReadAction\",\"target\":[\"https:\/\/www.mastercam.com\/sv\/community\/blog\/internationella-kvinnohistoriska-manaden-2\/\"]}]},{\"@type\":\"ImageObject\",\"inLanguage\":\"sv-SE\",\"@id\":\"https:\/\/www.mastercam.com\/sv\/community\/blog\/internationella-kvinnohistoriska-manaden-2\/#primaryimage\",\"url\":\"https:\/\/www.mastercam.com\/wp-content\/uploads\/2025\/03\/Sandra-Anderstedt-Crop.jpg\",\"contentUrl\":\"https:\/\/www.mastercam.com\/wp-content\/uploads\/2025\/03\/Sandra-Anderstedt-Crop.jpg\",\"width\":735,\"height\":550},{\"@type\":\"BreadcrumbList\",\"@id\":\"https:\/\/www.mastercam.com\/sv\/community\/blog\/internationella-kvinnohistoriska-manaden-2\/#breadcrumb\",\"itemListElement\":[{\"@type\":\"ListItem\",\"position\":1,\"name\":\"Home\",\"item\":\"https:\/\/www.mastercam.com\/sv\/\"},{\"@type\":\"ListItem\",\"position\":2,\"name\":\"Internationella kvinnohistoriska m\u00e5naden\"}]},{\"@type\":\"WebSite\",\"@id\":\"https:\/\/www.mastercam.com\/sv\/#website\",\"url\":\"https:\/\/www.mastercam.com\/sv\/\",\"name\":\"Mastercam\",\"description\":\"Creating software and services that solve the world&#039;s manufacturing challenges\",\"publisher\":{\"@id\":\"https:\/\/www.mastercam.com\/sv\/#organization\"},\"potentialAction\":[{\"@type\":\"SearchAction\",\"target\":{\"@type\":\"EntryPoint\",\"urlTemplate\":\"https:\/\/www.mastercam.com\/sv\/?s={search_term_string}\"},\"query-input\":{\"@type\":\"PropertyValueSpecification\",\"valueRequired\":true,\"valueName\":\"search_term_string\"}}],\"inLanguage\":\"sv-SE\"},{\"@type\":\"Organization\",\"@id\":\"https:\/\/www.mastercam.com\/sv\/#organization\",\"name\":\"Mastercam\",\"url\":\"https:\/\/www.mastercam.com\/sv\/\",\"logo\":{\"@type\":\"ImageObject\",\"inLanguage\":\"sv-SE\",\"@id\":\"https:\/\/www.mastercam.com\/sv\/#\/schema\/logo\/image\/\",\"url\":\"https:\/\/www.mastercam.com\/wp-content\/uploads\/2023\/02\/MC_logo.svg\",\"contentUrl\":\"https:\/\/www.mastercam.com\/wp-content\/uploads\/2023\/02\/MC_logo.svg\",\"width\":230,\"height\":40,\"caption\":\"Mastercam\"},\"image\":{\"@id\":\"https:\/\/www.mastercam.com\/sv\/#\/schema\/logo\/image\/\"},\"sameAs\":[\"https:\/\/www.facebook.com\/Mastercam\/\",\"https:\/\/x.com\/mastercam\",\"https:\/\/www.linkedin.com\/company\/mastercam\",\"https:\/\/www.youtube.com\/channel\/UChJt5ruSkqnmFH44WsXVZLw\",\"https:\/\/www.instagram.com\/mastercam\/\"]},{\"@type\":\"Person\",\"@id\":\"https:\/\/www.mastercam.com\/sv\/#\/schema\/person\/c9de6ddcfafea055eee2e90133f17014\",\"name\":\"Courtney Riley\",\"image\":{\"@type\":\"ImageObject\",\"inLanguage\":\"sv-SE\",\"@id\":\"https:\/\/www.mastercam.com\/sv\/#\/schema\/person\/image\/\",\"url\":\"https:\/\/secure.gravatar.com\/avatar\/5746a50baf5e9fd07645ba278e10d30ea47943713584628283ce80dddfe54ade?s=96&d=mm&r=g\",\"contentUrl\":\"https:\/\/secure.gravatar.com\/avatar\/5746a50baf5e9fd07645ba278e10d30ea47943713584628283ce80dddfe54ade?s=96&d=mm&r=g\",\"caption\":\"Courtney Riley\"}}]}<\/script>\n<!-- \/ Yoast SEO plugin. -->","yoast_head_json":{"title":"Internationella kvinnohistoriska m\u00e5naden - mastercam.com","description":"Sandra Anderstedt: Leda med innovation och inkludering Sandra Anderstedt, Vice President och Head of Marketing and Communications p\u00e5 Sandvik Manufacturing Kolla in v\u00e5r intervju med Nikki Gonzales, en pionj\u00e4r inom industriell automation, f\u00f6r International Women's History Month! mastercam.com","robots":{"index":"index","follow":"follow","max-snippet":"max-snippet:-1","max-image-preview":"max-image-preview:large","max-video-preview":"max-video-preview:-1"},"canonical":"https:\/\/www.mastercam.com\/sv\/community\/blog\/internationella-kvinnohistoriska-manaden-2\/","og_locale":"sv_SE","og_type":"article","og_title":"Internationella kvinnohistoriska m\u00e5naden - mastercam.com","og_description":"Sandra Anderstedt: Leda med innovation och inkludering Sandra Anderstedt, Vice President och Head of Marketing and Communications p\u00e5 Sandvik Manufacturing Kolla in v\u00e5r intervju med Nikki Gonzales, en pionj\u00e4r inom industriell automation, f\u00f6r International Women's History Month! mastercam.com","og_url":"https:\/\/www.mastercam.com\/sv\/community\/blog\/internationella-kvinnohistoriska-manaden-2\/","og_site_name":"mastercam.com","article_publisher":"https:\/\/www.facebook.com\/Mastercam\/","article_published_time":"2025-03-28T13:00:00+00:00","article_modified_time":"2026-01-16T16:26:41+00:00","og_image":[{"width":735,"height":550,"url":"https:\/\/www.mastercam.com\/wp-content\/uploads\/2025\/03\/Sandra-Anderstedt-Crop.jpg","type":"image\/jpeg"}],"author":"Courtney Riley","twitter_card":"summary_large_image","twitter_creator":"@mastercam","twitter_site":"@mastercam","twitter_misc":{"Written by":"Courtney Riley","Est. reading time":"5 minutes"},"schema":{"@context":"https:\/\/schema.org","@graph":[{"@type":"Article","@id":"https:\/\/www.mastercam.com\/sv\/community\/blog\/internationella-kvinnohistoriska-manaden-2\/#article","isPartOf":{"@id":"https:\/\/www.mastercam.com\/sv\/community\/blog\/internationella-kvinnohistoriska-manaden-2\/"},"author":{"name":"Courtney Riley","@id":"https:\/\/www.mastercam.com\/sv\/#\/schema\/person\/c9de6ddcfafea055eee2e90133f17014"},"headline":"Internationella kvinnohistoriska m\u00e5naden","datePublished":"2025-03-28T13:00:00+00:00","dateModified":"2026-01-16T16:26:41+00:00","mainEntityOfPage":{"@id":"https:\/\/www.mastercam.com\/sv\/community\/blog\/internationella-kvinnohistoriska-manaden-2\/"},"wordCount":906,"publisher":{"@id":"https:\/\/www.mastercam.com\/sv\/#organization"},"image":{"@id":"https:\/\/www.mastercam.com\/sv\/community\/blog\/internationella-kvinnohistoriska-manaden-2\/#primaryimage"},"thumbnailUrl":"https:\/\/www.mastercam.com\/wp-content\/uploads\/2025\/03\/Sandra-Anderstedt-Crop.jpg","keywords":["Automatisering","cad\/cam","Kvinnor","Maskinbearbetning","Mastercam","Tillverkning"],"articleSection":["H\u00e4ndelser"],"inLanguage":"sv-SE"},{"@type":"WebPage","@id":"https:\/\/www.mastercam.com\/sv\/community\/blog\/internationella-kvinnohistoriska-manaden-2\/","url":"https:\/\/www.mastercam.com\/sv\/community\/blog\/internationella-kvinnohistoriska-manaden-2\/","name":"Internationella kvinnohistoriska m\u00e5naden - mastercam.com","isPartOf":{"@id":"https:\/\/www.mastercam.com\/sv\/#website"},"primaryImageOfPage":{"@id":"https:\/\/www.mastercam.com\/sv\/community\/blog\/internationella-kvinnohistoriska-manaden-2\/#primaryimage"},"image":{"@id":"https:\/\/www.mastercam.com\/sv\/community\/blog\/internationella-kvinnohistoriska-manaden-2\/#primaryimage"},"thumbnailUrl":"https:\/\/www.mastercam.com\/wp-content\/uploads\/2025\/03\/Sandra-Anderstedt-Crop.jpg","datePublished":"2025-03-28T13:00:00+00:00","dateModified":"2026-01-16T16:26:41+00:00","description":"Sandra Anderstedt: Leda med innovation och inkludering Sandra Anderstedt, Vice President och Head of Marketing and Communications p\u00e5 Sandvik Manufacturing Kolla in v\u00e5r intervju med Nikki Gonzales, en pionj\u00e4r inom industriell automation, f\u00f6r International Women's History Month! mastercam.com","breadcrumb":{"@id":"https:\/\/www.mastercam.com\/sv\/community\/blog\/internationella-kvinnohistoriska-manaden-2\/#breadcrumb"},"inLanguage":"sv-SE","potentialAction":[{"@type":"ReadAction","target":["https:\/\/www.mastercam.com\/sv\/community\/blog\/internationella-kvinnohistoriska-manaden-2\/"]}]},{"@type":"ImageObject","inLanguage":"sv-SE","@id":"https:\/\/www.mastercam.com\/sv\/community\/blog\/internationella-kvinnohistoriska-manaden-2\/#primaryimage","url":"https:\/\/www.mastercam.com\/wp-content\/uploads\/2025\/03\/Sandra-Anderstedt-Crop.jpg","contentUrl":"https:\/\/www.mastercam.com\/wp-content\/uploads\/2025\/03\/Sandra-Anderstedt-Crop.jpg","width":735,"height":550},{"@type":"BreadcrumbList","@id":"https:\/\/www.mastercam.com\/sv\/community\/blog\/internationella-kvinnohistoriska-manaden-2\/#breadcrumb","itemListElement":[{"@type":"ListItem","position":1,"name":"Home","item":"https:\/\/www.mastercam.com\/sv\/"},{"@type":"ListItem","position":2,"name":"Internationella kvinnohistoriska m\u00e5naden"}]},{"@type":"WebSite","@id":"https:\/\/www.mastercam.com\/sv\/#website","url":"https:\/\/www.mastercam.com\/sv\/","name":"Mastercam","description":"Creating software and services that solve the world&#039;s manufacturing challenges","publisher":{"@id":"https:\/\/www.mastercam.com\/sv\/#organization"},"potentialAction":[{"@type":"SearchAction","target":{"@type":"EntryPoint","urlTemplate":"https:\/\/www.mastercam.com\/sv\/?s={search_term_string}"},"query-input":{"@type":"PropertyValueSpecification","valueRequired":true,"valueName":"search_term_string"}}],"inLanguage":"sv-SE"},{"@type":"Organization","@id":"https:\/\/www.mastercam.com\/sv\/#organization","name":"Mastercam","url":"https:\/\/www.mastercam.com\/sv\/","logo":{"@type":"ImageObject","inLanguage":"sv-SE","@id":"https:\/\/www.mastercam.com\/sv\/#\/schema\/logo\/image\/","url":"https:\/\/www.mastercam.com\/wp-content\/uploads\/2023\/02\/MC_logo.svg","contentUrl":"https:\/\/www.mastercam.com\/wp-content\/uploads\/2023\/02\/MC_logo.svg","width":230,"height":40,"caption":"Mastercam"},"image":{"@id":"https:\/\/www.mastercam.com\/sv\/#\/schema\/logo\/image\/"},"sameAs":["https:\/\/www.facebook.com\/Mastercam\/","https:\/\/x.com\/mastercam","https:\/\/www.linkedin.com\/company\/mastercam","https:\/\/www.youtube.com\/channel\/UChJt5ruSkqnmFH44WsXVZLw","https:\/\/www.instagram.com\/mastercam\/"]},{"@type":"Person","@id":"https:\/\/www.mastercam.com\/sv\/#\/schema\/person\/c9de6ddcfafea055eee2e90133f17014","name":"Courtney Riley","image":{"@type":"ImageObject","inLanguage":"sv-SE","@id":"https:\/\/www.mastercam.com\/sv\/#\/schema\/person\/image\/","url":"https:\/\/secure.gravatar.com\/avatar\/5746a50baf5e9fd07645ba278e10d30ea47943713584628283ce80dddfe54ade?s=96&d=mm&r=g","contentUrl":"https:\/\/secure.gravatar.com\/avatar\/5746a50baf5e9fd07645ba278e10d30ea47943713584628283ce80dddfe54ade?s=96&d=mm&r=g","caption":"Courtney Riley"}}]}},"_links":{"self":[{"href":"https:\/\/www.mastercam.com\/sv\/wp-json\/wp\/v2\/posts\/39944","targetHints":{"allow":["GET"]}}],"collection":[{"href":"https:\/\/www.mastercam.com\/sv\/wp-json\/wp\/v2\/posts"}],"about":[{"href":"https:\/\/www.mastercam.com\/sv\/wp-json\/wp\/v2\/types\/post"}],"author":[{"embeddable":true,"href":"https:\/\/www.mastercam.com\/sv\/wp-json\/wp\/v2\/users\/4"}],"replies":[{"embeddable":true,"href":"https:\/\/www.mastercam.com\/sv\/wp-json\/wp\/v2\/comments?post=39944"}],"version-history":[{"count":0,"href":"https:\/\/www.mastercam.com\/sv\/wp-json\/wp\/v2\/posts\/39944\/revisions"}],"wp:featuredmedia":[{"embeddable":true,"href":"https:\/\/www.mastercam.com\/sv\/wp-json\/wp\/v2\/media\/39953"}],"wp:attachment":[{"href":"https:\/\/www.mastercam.com\/sv\/wp-json\/wp\/v2\/media?parent=39944"}],"wp:term":[{"taxonomy":"category","embeddable":true,"href":"https:\/\/www.mastercam.com\/sv\/wp-json\/wp\/v2\/categories?post=39944"},{"taxonomy":"post_tag","embeddable":true,"href":"https:\/\/www.mastercam.com\/sv\/wp-json\/wp\/v2\/tags?post=39944"}],"curies":[{"name":"wp","href":"https:\/\/api.w.org\/{rel}","templated":true}]}}