{"id":42579,"date":"2025-03-28T09:00:00","date_gmt":"2025-03-28T13:00:00","guid":{"rendered":"https:\/\/www.mastercam.com\/news\/blog\/mese-internazionale-della-storia-delle-donne-2\/"},"modified":"2026-01-28T14:42:21","modified_gmt":"2026-01-28T19:42:21","slug":"mese-internazionale-della-storia-delle-donne-2","status":"publish","type":"post","link":"https:\/\/www.mastercam.com\/it\/community\/blog\/mese-internazionale-della-storia-delle-donne-2\/","title":{"rendered":"Mese internazionale della storia delle donne"},"content":{"rendered":"\n<h5 class=\"wp-block-heading\">Sandra Anderstedt: Guidare con innovazione e inclusione<\/h5>\n\n<p>Sandra Anderstedt, Vicepresidente e Responsabile Marketing e Comunicazione di Sandvik Manufacturing Solutions, \u00e8 una leader del settore industriale. Con quasi due decenni di esperienza alla guida di team globali di marketing e comunicazione, Sandra \u00e8 stata una forza trasformatrice. I suoi principi di leadership e il suo approccio innovativo hanno guidato un cambiamento significativo, favorendo un ambiente di lavoro inclusivo e performante.  <\/p>\n\n<h3 class=\"wp-block-heading\">Principi chiave della leadership<\/h3>\n\n<p>Per Sandra, la leadership consiste nel creare uno spazio in cui prospettive, esperienze e idee diverse si uniscono per creare qualcosa di grande. &#8221; <em>Penso che la leadership consista nel creare un ambiente in cui prospettive, esperienze e personalit\u00e0 diverse si uniscono per creare qualcosa di pi\u00f9 grande della somma delle sue parti&#8221;,<\/em> spiega.<\/p>\n\n<p>Per lei la diversit\u00e0 \u00e8 un ingrediente fondamentale per i team ad alte prestazioni, non solo in termini di genere, ma anche di background, esperienza e modi di pensare.  <em>&#8220;Quando hai un team di specialisti in gamba, la leadership diventa un privilegio. Puoi guidare la visione e dare a coloro che ti circondano la possibilit\u00e0 di definire il modo migliore per andare avanti&#8221;.<\/em><\/p>\n\n<p>L&#8217;approccio alla leadership di Sandra si basa sulla trasparenza, sulla fiducia e sull&#8217;inclusione. &#8221; <em>Credo nella condivisione di una visione comune, nel definire insieme gli obiettivi e nel dare alle persone la libert\u00e0 di agire&#8221;,<\/em> afferma. Incoraggiando una comunicazione aperta e assicurandosi che tutti si sentano apprezzati, crea un ambiente in cui prosperano l&#8217;innovazione e la produttivit\u00e0. Inoltre, crede che sia importante godersi il processo: <em>&#8220;Un team forte non si limita alle prestazioni, ma cresce insieme, prova cose nuove e integra i punti di forza di ciascuno&#8221;.<\/em>  <\/p>\n\n<h3 class=\"wp-block-heading\">Promuovere l&#8217;innovazione e la comunicazione<\/h3>\n\n<p>In qualit\u00e0 di leader nel settore del marketing e della digitalizzazione, Sandra ha affrontato molte sfide in un settore in rapida evoluzione. Nonostante le tradizionali norme di genere nella produzione industriale, non ha mai permesso che questo definisse la sua carriera.   <em>&#8220;Durante i miei quasi 20 anni di lavoro in Sandvik, non ho mai riflettuto sul mio genere: ho sempre avuto la sensazione di trovarmi in un ambiente in cui ognuno di noi apporta punti di forza, esperienze e prospettive diverse. Mi sono sentita apprezzata, rispettata e presa sul serio per quello che sono e per i contributi che porto al tavolo&#8221;.<\/em><\/p>\n\n<p>Per Sandra, una comunicazione forte \u00e8 fondamentale per stabilire una direzione chiara.  <em>&#8220;La comunicazione \u00e8 essenziale per stabilire una direzione chiara: dove siamo diretti, cosa \u00e8 importante e come misuriamo i progressi. Si tratta di assicurarsi che tutti siano a bordo, di celebrare i successi e di imparare lungo il percorso&#8221;.<\/em><\/p>\n\n<p>\u00c8 un&#8217;innovatrice, sempre alla ricerca di nuovi modi per superare i limiti e migliorare l&#8217;efficienza.  <em>&#8220;L&#8217;innovazione \u00e8 una forza trainante per me. Mi eccita provare cose nuove, superare i limiti e trovare modi migliori di fare le cose. Questa mentalit\u00e0 \u00e8 anche profondamente radicata nel DNA di Sandvik: negli ultimi 160 anni, l&#8217;innovazione \u00e8 stata al centro delle nostre attivit\u00e0. \u00c8 ci\u00f2 che ci fa progredire ed \u00e8 ci\u00f2 che mi ispira ogni giorno&#8221;.<\/em><\/p>\n\n<h3 class=\"wp-block-heading\">Consigli per le aspiranti donne leader<\/h3>\n\n<figure class=\"wp-block-image size-full\"><img loading=\"lazy\" decoding=\"async\" width=\"825\" height=\"550\" src=\"https:\/\/www.mastercam.com\/wp-content\/uploads\/2025\/03\/Sandra_Anderstedt_2.jpg\" alt=\"\" class=\"wp-image-27659\" srcset=\"https:\/\/www.mastercam.com\/wp-content\/uploads\/2025\/03\/Sandra_Anderstedt_2.jpg 825w, https:\/\/www.mastercam.com\/wp-content\/uploads\/2025\/03\/Sandra_Anderstedt_2-300x200.jpg 300w, https:\/\/www.mastercam.com\/wp-content\/uploads\/2025\/03\/Sandra_Anderstedt_2-768x512.jpg 768w, https:\/\/www.mastercam.com\/wp-content\/uploads\/2025\/03\/Sandra_Anderstedt_2-112x75.jpg 112w, https:\/\/www.mastercam.com\/wp-content\/uploads\/2025\/03\/Sandra_Anderstedt_2-224x149.jpg 224w\" sizes=\"auto, (max-width: 825px) 100vw, 825px\" \/><\/figure>\n\n<p>Sandra incoraggia le donne a intraprendere carriere nel marketing, nella comunicazione e nella leadership all&#8217;interno di industrie globali e tecniche. Trova appagante contribuire a un&#8217;azienda guidata da uno scopo chiaro: far progredire il mondo attraverso l&#8217;ingegneria.   <em>&#8220;L&#8217;industria manifatturiera svolge un ruolo fondamentale nel rendere il mondo pi\u00f9 sostenibile, sviluppando prodotti migliori e trovando modi pi\u00f9 efficienti e responsabili per produrli. \u00c8 incredibilmente gratificante contribuire a qualcosa che ha un impatto reale sulla vita quotidiana delle persone&#8221;.<\/em><\/p>\n\n<p>Il suo consiglio agli aspiranti leader \u00e8 semplice: <em>&#8220;Credi in te stesso, sii curioso e fai sempre del tuo meglio. Osa provare cose nuove e, soprattutto, mantieni ci\u00f2 che prometti. Il duro lavoro e l&#8217;affidabilit\u00e0 sono fondamentali per creare fiducia e aprire le porte a nuove opportunit\u00e0&#8221;.<\/em><\/p>\n\n<p>Nel marketing e nella comunicazione, la curiosit\u00e0 \u00e8 fondamentale. &#8220;<em>Prenditi il tempo necessario per capire veramente i prodotti, il business e la strategia dell&#8217;azienda. Trascorri del tempo nell&#8217;organizzazione, conosci le persone nelle diverse funzioni, chiedi il loro contributo, impara a conoscere i prodotti e sar\u00e0 pi\u00f9 facile collegare i punti tra la comunicazione e gli obiettivi aziendali. Pi\u00f9 comprendi il quadro generale, maggiore sar\u00e0 il tuo impatto nel creare un marchio forte e significativo&#8221;.  <\/em><\/p>\n\n<h3 class=\"wp-block-heading\">Guardare avanti<\/h3>\n\n<p>La leadership di Sandra Anderstedt in Sandvik Manufacturing Solutions esemplifica il potere della diversit\u00e0, dell&#8217;innovazione e della comunicazione efficace. Il suo impegno nel promuovere un ambiente inclusivo e ad alte prestazioni non solo ha determinato un cambiamento significativo all&#8217;interno dell&#8217;azienda, ma \u00e8 anche fonte di ispirazione per le aspiranti donne leader del settore. Grazie alla sua dedizione e alla sua visione, Sandra continua a far progredire il mondo della produzione e della tecnologia, dimostrando che le prospettive diverse e la collaborazione sono la chiave del successo.  <\/p>\n\n<p><\/p>\n","protected":false},"excerpt":{"rendered":"<p>Sandra Anderstedt: Guidare con innovazione e inclusione Sandra Anderstedt, Vicepresidente e Responsabile Marketing e Comunicazione [&hellip;]<\/p>\n","protected":false},"author":4,"featured_media":42581,"comment_status":"closed","ping_status":"closed","sticky":false,"template":"","format":"standard","meta":{"_acf_changed":false,"footnotes":""},"categories":[631],"tags":[637,620,638,623,622,621],"class_list":["post-42579","post","type-post","status-publish","format-standard","has-post-thumbnail","hentry","category-eventi","tag-automazione","tag-cad-cam","tag-donne","tag-lavorazioni-meccaniche","tag-mastercam","tag-produzione"],"acf":[],"yoast_head":"<!-- This site is optimized with the Yoast SEO plugin v27.4 - https:\/\/yoast.com\/product\/yoast-seo-wordpress\/ -->\n<title>Mese internazionale della storia delle donne - mastercam.com<\/title>\n<meta name=\"description\" content=\"Sandra Anderstedt: Guidare con innovazione e inclusione Sandra Anderstedt, Vicepresidente e Responsabile Marketing e Comunicazione di Sandvik Guarda la nostra intervista a Nikki Gonzales, pioniera dell&#039;automazione industriale, per il Mese Internazionale della Storia della Donna! mastercam.com\" \/>\n<meta name=\"robots\" content=\"index, follow, max-snippet:-1, max-image-preview:large, max-video-preview:-1\" \/>\n<link rel=\"canonical\" href=\"https:\/\/www.mastercam.com\/it\/community\/blog\/mese-internazionale-della-storia-delle-donne-2\/\" \/>\n<meta property=\"og:locale\" content=\"it_IT\" \/>\n<meta property=\"og:type\" content=\"article\" \/>\n<meta property=\"og:title\" content=\"Mese internazionale della storia delle donne - mastercam.com\" \/>\n<meta property=\"og:description\" content=\"Sandra Anderstedt: Guidare con innovazione e inclusione Sandra Anderstedt, Vicepresidente e Responsabile Marketing e Comunicazione di Sandvik Guarda la nostra intervista a Nikki Gonzales, pioniera dell&#039;automazione industriale, per il Mese Internazionale della Storia della Donna! mastercam.com\" \/>\n<meta property=\"og:url\" content=\"https:\/\/www.mastercam.com\/it\/community\/blog\/mese-internazionale-della-storia-delle-donne-2\/\" \/>\n<meta property=\"og:site_name\" content=\"mastercam.com\" \/>\n<meta property=\"article:publisher\" content=\"https:\/\/www.facebook.com\/Mastercam\/\" \/>\n<meta property=\"article:published_time\" content=\"2025-03-28T13:00:00+00:00\" \/>\n<meta property=\"article:modified_time\" content=\"2026-01-28T19:42:21+00:00\" \/>\n<meta property=\"og:image\" content=\"https:\/\/www.mastercam.com\/wp-content\/uploads\/2025\/03\/Sandra-Anderstedt-Crop.jpg\" \/>\n\t<meta property=\"og:image:width\" content=\"735\" \/>\n\t<meta property=\"og:image:height\" content=\"550\" \/>\n\t<meta property=\"og:image:type\" content=\"image\/jpeg\" \/>\n<meta name=\"author\" content=\"Courtney Riley\" \/>\n<meta name=\"twitter:card\" content=\"summary_large_image\" \/>\n<meta name=\"twitter:creator\" content=\"@mastercam\" \/>\n<meta name=\"twitter:site\" content=\"@mastercam\" \/>\n<meta name=\"twitter:label1\" content=\"Written by\" \/>\n\t<meta name=\"twitter:data1\" content=\"Courtney Riley\" \/>\n\t<meta name=\"twitter:label2\" content=\"Est. reading time\" \/>\n\t<meta name=\"twitter:data2\" content=\"4 minuti\" \/>\n<script type=\"application\/ld+json\" class=\"yoast-schema-graph\">{\"@context\":\"https:\\\/\\\/schema.org\",\"@graph\":[{\"@type\":\"Article\",\"@id\":\"https:\\\/\\\/www.mastercam.com\\\/it\\\/community\\\/blog\\\/mese-internazionale-della-storia-delle-donne-2\\\/#article\",\"isPartOf\":{\"@id\":\"https:\\\/\\\/www.mastercam.com\\\/it\\\/community\\\/blog\\\/mese-internazionale-della-storia-delle-donne-2\\\/\"},\"author\":{\"name\":\"Courtney Riley\",\"@id\":\"https:\\\/\\\/www.mastercam.com\\\/it\\\/#\\\/schema\\\/person\\\/c9de6ddcfafea055eee2e90133f17014\"},\"headline\":\"Mese internazionale della storia delle donne\",\"datePublished\":\"2025-03-28T13:00:00+00:00\",\"dateModified\":\"2026-01-28T19:42:21+00:00\",\"mainEntityOfPage\":{\"@id\":\"https:\\\/\\\/www.mastercam.com\\\/it\\\/community\\\/blog\\\/mese-internazionale-della-storia-delle-donne-2\\\/\"},\"wordCount\":804,\"publisher\":{\"@id\":\"https:\\\/\\\/www.mastercam.com\\\/it\\\/#organization\"},\"image\":{\"@id\":\"https:\\\/\\\/www.mastercam.com\\\/it\\\/community\\\/blog\\\/mese-internazionale-della-storia-delle-donne-2\\\/#primaryimage\"},\"thumbnailUrl\":\"https:\\\/\\\/www.mastercam.com\\\/wp-content\\\/uploads\\\/2025\\\/03\\\/Sandra-Anderstedt-Crop.jpg\",\"keywords\":[\"Automazione\",\"cad\\\/cam\",\"Donne\",\"Lavorazioni meccaniche\",\"Mastercam\",\"Produzione\"],\"articleSection\":[\"Eventi\"],\"inLanguage\":\"it-IT\"},{\"@type\":\"WebPage\",\"@id\":\"https:\\\/\\\/www.mastercam.com\\\/it\\\/community\\\/blog\\\/mese-internazionale-della-storia-delle-donne-2\\\/\",\"url\":\"https:\\\/\\\/www.mastercam.com\\\/it\\\/community\\\/blog\\\/mese-internazionale-della-storia-delle-donne-2\\\/\",\"name\":\"Mese internazionale della storia delle donne - mastercam.com\",\"isPartOf\":{\"@id\":\"https:\\\/\\\/www.mastercam.com\\\/it\\\/#website\"},\"primaryImageOfPage\":{\"@id\":\"https:\\\/\\\/www.mastercam.com\\\/it\\\/community\\\/blog\\\/mese-internazionale-della-storia-delle-donne-2\\\/#primaryimage\"},\"image\":{\"@id\":\"https:\\\/\\\/www.mastercam.com\\\/it\\\/community\\\/blog\\\/mese-internazionale-della-storia-delle-donne-2\\\/#primaryimage\"},\"thumbnailUrl\":\"https:\\\/\\\/www.mastercam.com\\\/wp-content\\\/uploads\\\/2025\\\/03\\\/Sandra-Anderstedt-Crop.jpg\",\"datePublished\":\"2025-03-28T13:00:00+00:00\",\"dateModified\":\"2026-01-28T19:42:21+00:00\",\"description\":\"Sandra Anderstedt: Guidare con innovazione e inclusione Sandra Anderstedt, Vicepresidente e Responsabile Marketing e Comunicazione di Sandvik Guarda la nostra intervista a Nikki Gonzales, pioniera dell'automazione industriale, per il Mese Internazionale della Storia della Donna! mastercam.com\",\"breadcrumb\":{\"@id\":\"https:\\\/\\\/www.mastercam.com\\\/it\\\/community\\\/blog\\\/mese-internazionale-della-storia-delle-donne-2\\\/#breadcrumb\"},\"inLanguage\":\"it-IT\",\"potentialAction\":[{\"@type\":\"ReadAction\",\"target\":[\"https:\\\/\\\/www.mastercam.com\\\/it\\\/community\\\/blog\\\/mese-internazionale-della-storia-delle-donne-2\\\/\"]}]},{\"@type\":\"ImageObject\",\"inLanguage\":\"it-IT\",\"@id\":\"https:\\\/\\\/www.mastercam.com\\\/it\\\/community\\\/blog\\\/mese-internazionale-della-storia-delle-donne-2\\\/#primaryimage\",\"url\":\"https:\\\/\\\/www.mastercam.com\\\/wp-content\\\/uploads\\\/2025\\\/03\\\/Sandra-Anderstedt-Crop.jpg\",\"contentUrl\":\"https:\\\/\\\/www.mastercam.com\\\/wp-content\\\/uploads\\\/2025\\\/03\\\/Sandra-Anderstedt-Crop.jpg\",\"width\":735,\"height\":550},{\"@type\":\"BreadcrumbList\",\"@id\":\"https:\\\/\\\/www.mastercam.com\\\/it\\\/community\\\/blog\\\/mese-internazionale-della-storia-delle-donne-2\\\/#breadcrumb\",\"itemListElement\":[{\"@type\":\"ListItem\",\"position\":1,\"name\":\"Home\",\"item\":\"https:\\\/\\\/www.mastercam.com\\\/it\\\/\"},{\"@type\":\"ListItem\",\"position\":2,\"name\":\"Mese internazionale della storia delle donne\"}]},{\"@type\":\"WebSite\",\"@id\":\"https:\\\/\\\/www.mastercam.com\\\/it\\\/#website\",\"url\":\"https:\\\/\\\/www.mastercam.com\\\/it\\\/\",\"name\":\"Mastercam\",\"description\":\"Creating software and services that solve the world&#039;s manufacturing challenges\",\"publisher\":{\"@id\":\"https:\\\/\\\/www.mastercam.com\\\/it\\\/#organization\"},\"potentialAction\":[{\"@type\":\"SearchAction\",\"target\":{\"@type\":\"EntryPoint\",\"urlTemplate\":\"https:\\\/\\\/www.mastercam.com\\\/it\\\/?s={search_term_string}\"},\"query-input\":{\"@type\":\"PropertyValueSpecification\",\"valueRequired\":true,\"valueName\":\"search_term_string\"}}],\"inLanguage\":\"it-IT\"},{\"@type\":\"Organization\",\"@id\":\"https:\\\/\\\/www.mastercam.com\\\/it\\\/#organization\",\"name\":\"Mastercam\",\"url\":\"https:\\\/\\\/www.mastercam.com\\\/it\\\/\",\"logo\":{\"@type\":\"ImageObject\",\"inLanguage\":\"it-IT\",\"@id\":\"https:\\\/\\\/www.mastercam.com\\\/it\\\/#\\\/schema\\\/logo\\\/image\\\/\",\"url\":\"https:\\\/\\\/www.mastercam.com\\\/wp-content\\\/uploads\\\/2023\\\/02\\\/MC_logo.svg\",\"contentUrl\":\"https:\\\/\\\/www.mastercam.com\\\/wp-content\\\/uploads\\\/2023\\\/02\\\/MC_logo.svg\",\"width\":230,\"height\":40,\"caption\":\"Mastercam\"},\"image\":{\"@id\":\"https:\\\/\\\/www.mastercam.com\\\/it\\\/#\\\/schema\\\/logo\\\/image\\\/\"},\"sameAs\":[\"https:\\\/\\\/www.facebook.com\\\/Mastercam\\\/\",\"https:\\\/\\\/x.com\\\/mastercam\",\"https:\\\/\\\/www.linkedin.com\\\/company\\\/mastercam\",\"https:\\\/\\\/www.youtube.com\\\/channel\\\/UChJt5ruSkqnmFH44WsXVZLw\",\"https:\\\/\\\/www.instagram.com\\\/mastercam\\\/\"]},{\"@type\":\"Person\",\"@id\":\"https:\\\/\\\/www.mastercam.com\\\/it\\\/#\\\/schema\\\/person\\\/c9de6ddcfafea055eee2e90133f17014\",\"name\":\"Courtney Riley\",\"image\":{\"@type\":\"ImageObject\",\"inLanguage\":\"it-IT\",\"@id\":\"https:\\\/\\\/secure.gravatar.com\\\/avatar\\\/5746a50baf5e9fd07645ba278e10d30ea47943713584628283ce80dddfe54ade?s=96&d=mm&r=g\",\"url\":\"https:\\\/\\\/secure.gravatar.com\\\/avatar\\\/5746a50baf5e9fd07645ba278e10d30ea47943713584628283ce80dddfe54ade?s=96&d=mm&r=g\",\"contentUrl\":\"https:\\\/\\\/secure.gravatar.com\\\/avatar\\\/5746a50baf5e9fd07645ba278e10d30ea47943713584628283ce80dddfe54ade?s=96&d=mm&r=g\",\"caption\":\"Courtney Riley\"}}]}<\/script>\n<!-- \/ Yoast SEO plugin. -->","yoast_head_json":{"title":"Mese internazionale della storia delle donne - mastercam.com","description":"Sandra Anderstedt: Guidare con innovazione e inclusione Sandra Anderstedt, Vicepresidente e Responsabile Marketing e Comunicazione di Sandvik Guarda la nostra intervista a Nikki Gonzales, pioniera dell'automazione industriale, per il Mese Internazionale della Storia della Donna! mastercam.com","robots":{"index":"index","follow":"follow","max-snippet":"max-snippet:-1","max-image-preview":"max-image-preview:large","max-video-preview":"max-video-preview:-1"},"canonical":"https:\/\/www.mastercam.com\/it\/community\/blog\/mese-internazionale-della-storia-delle-donne-2\/","og_locale":"it_IT","og_type":"article","og_title":"Mese internazionale della storia delle donne - mastercam.com","og_description":"Sandra Anderstedt: Guidare con innovazione e inclusione Sandra Anderstedt, Vicepresidente e Responsabile Marketing e Comunicazione di Sandvik Guarda la nostra intervista a Nikki Gonzales, pioniera dell'automazione industriale, per il Mese Internazionale della Storia della Donna! mastercam.com","og_url":"https:\/\/www.mastercam.com\/it\/community\/blog\/mese-internazionale-della-storia-delle-donne-2\/","og_site_name":"mastercam.com","article_publisher":"https:\/\/www.facebook.com\/Mastercam\/","article_published_time":"2025-03-28T13:00:00+00:00","article_modified_time":"2026-01-28T19:42:21+00:00","og_image":[{"width":735,"height":550,"url":"https:\/\/www.mastercam.com\/wp-content\/uploads\/2025\/03\/Sandra-Anderstedt-Crop.jpg","type":"image\/jpeg"}],"author":"Courtney Riley","twitter_card":"summary_large_image","twitter_creator":"@mastercam","twitter_site":"@mastercam","twitter_misc":{"Written by":"Courtney Riley","Est. reading time":"4 minuti"},"schema":{"@context":"https:\/\/schema.org","@graph":[{"@type":"Article","@id":"https:\/\/www.mastercam.com\/it\/community\/blog\/mese-internazionale-della-storia-delle-donne-2\/#article","isPartOf":{"@id":"https:\/\/www.mastercam.com\/it\/community\/blog\/mese-internazionale-della-storia-delle-donne-2\/"},"author":{"name":"Courtney Riley","@id":"https:\/\/www.mastercam.com\/it\/#\/schema\/person\/c9de6ddcfafea055eee2e90133f17014"},"headline":"Mese internazionale della storia delle donne","datePublished":"2025-03-28T13:00:00+00:00","dateModified":"2026-01-28T19:42:21+00:00","mainEntityOfPage":{"@id":"https:\/\/www.mastercam.com\/it\/community\/blog\/mese-internazionale-della-storia-delle-donne-2\/"},"wordCount":804,"publisher":{"@id":"https:\/\/www.mastercam.com\/it\/#organization"},"image":{"@id":"https:\/\/www.mastercam.com\/it\/community\/blog\/mese-internazionale-della-storia-delle-donne-2\/#primaryimage"},"thumbnailUrl":"https:\/\/www.mastercam.com\/wp-content\/uploads\/2025\/03\/Sandra-Anderstedt-Crop.jpg","keywords":["Automazione","cad\/cam","Donne","Lavorazioni meccaniche","Mastercam","Produzione"],"articleSection":["Eventi"],"inLanguage":"it-IT"},{"@type":"WebPage","@id":"https:\/\/www.mastercam.com\/it\/community\/blog\/mese-internazionale-della-storia-delle-donne-2\/","url":"https:\/\/www.mastercam.com\/it\/community\/blog\/mese-internazionale-della-storia-delle-donne-2\/","name":"Mese internazionale della storia delle donne - mastercam.com","isPartOf":{"@id":"https:\/\/www.mastercam.com\/it\/#website"},"primaryImageOfPage":{"@id":"https:\/\/www.mastercam.com\/it\/community\/blog\/mese-internazionale-della-storia-delle-donne-2\/#primaryimage"},"image":{"@id":"https:\/\/www.mastercam.com\/it\/community\/blog\/mese-internazionale-della-storia-delle-donne-2\/#primaryimage"},"thumbnailUrl":"https:\/\/www.mastercam.com\/wp-content\/uploads\/2025\/03\/Sandra-Anderstedt-Crop.jpg","datePublished":"2025-03-28T13:00:00+00:00","dateModified":"2026-01-28T19:42:21+00:00","description":"Sandra Anderstedt: Guidare con innovazione e inclusione Sandra Anderstedt, Vicepresidente e Responsabile Marketing e Comunicazione di Sandvik Guarda la nostra intervista a Nikki Gonzales, pioniera dell'automazione industriale, per il Mese Internazionale della Storia della Donna! mastercam.com","breadcrumb":{"@id":"https:\/\/www.mastercam.com\/it\/community\/blog\/mese-internazionale-della-storia-delle-donne-2\/#breadcrumb"},"inLanguage":"it-IT","potentialAction":[{"@type":"ReadAction","target":["https:\/\/www.mastercam.com\/it\/community\/blog\/mese-internazionale-della-storia-delle-donne-2\/"]}]},{"@type":"ImageObject","inLanguage":"it-IT","@id":"https:\/\/www.mastercam.com\/it\/community\/blog\/mese-internazionale-della-storia-delle-donne-2\/#primaryimage","url":"https:\/\/www.mastercam.com\/wp-content\/uploads\/2025\/03\/Sandra-Anderstedt-Crop.jpg","contentUrl":"https:\/\/www.mastercam.com\/wp-content\/uploads\/2025\/03\/Sandra-Anderstedt-Crop.jpg","width":735,"height":550},{"@type":"BreadcrumbList","@id":"https:\/\/www.mastercam.com\/it\/community\/blog\/mese-internazionale-della-storia-delle-donne-2\/#breadcrumb","itemListElement":[{"@type":"ListItem","position":1,"name":"Home","item":"https:\/\/www.mastercam.com\/it\/"},{"@type":"ListItem","position":2,"name":"Mese internazionale della storia delle donne"}]},{"@type":"WebSite","@id":"https:\/\/www.mastercam.com\/it\/#website","url":"https:\/\/www.mastercam.com\/it\/","name":"Mastercam","description":"Creating software and services that solve the world&#039;s manufacturing challenges","publisher":{"@id":"https:\/\/www.mastercam.com\/it\/#organization"},"potentialAction":[{"@type":"SearchAction","target":{"@type":"EntryPoint","urlTemplate":"https:\/\/www.mastercam.com\/it\/?s={search_term_string}"},"query-input":{"@type":"PropertyValueSpecification","valueRequired":true,"valueName":"search_term_string"}}],"inLanguage":"it-IT"},{"@type":"Organization","@id":"https:\/\/www.mastercam.com\/it\/#organization","name":"Mastercam","url":"https:\/\/www.mastercam.com\/it\/","logo":{"@type":"ImageObject","inLanguage":"it-IT","@id":"https:\/\/www.mastercam.com\/it\/#\/schema\/logo\/image\/","url":"https:\/\/www.mastercam.com\/wp-content\/uploads\/2023\/02\/MC_logo.svg","contentUrl":"https:\/\/www.mastercam.com\/wp-content\/uploads\/2023\/02\/MC_logo.svg","width":230,"height":40,"caption":"Mastercam"},"image":{"@id":"https:\/\/www.mastercam.com\/it\/#\/schema\/logo\/image\/"},"sameAs":["https:\/\/www.facebook.com\/Mastercam\/","https:\/\/x.com\/mastercam","https:\/\/www.linkedin.com\/company\/mastercam","https:\/\/www.youtube.com\/channel\/UChJt5ruSkqnmFH44WsXVZLw","https:\/\/www.instagram.com\/mastercam\/"]},{"@type":"Person","@id":"https:\/\/www.mastercam.com\/it\/#\/schema\/person\/c9de6ddcfafea055eee2e90133f17014","name":"Courtney Riley","image":{"@type":"ImageObject","inLanguage":"it-IT","@id":"https:\/\/secure.gravatar.com\/avatar\/5746a50baf5e9fd07645ba278e10d30ea47943713584628283ce80dddfe54ade?s=96&d=mm&r=g","url":"https:\/\/secure.gravatar.com\/avatar\/5746a50baf5e9fd07645ba278e10d30ea47943713584628283ce80dddfe54ade?s=96&d=mm&r=g","contentUrl":"https:\/\/secure.gravatar.com\/avatar\/5746a50baf5e9fd07645ba278e10d30ea47943713584628283ce80dddfe54ade?s=96&d=mm&r=g","caption":"Courtney Riley"}}]}},"_links":{"self":[{"href":"https:\/\/www.mastercam.com\/it\/wp-json\/wp\/v2\/posts\/42579","targetHints":{"allow":["GET"]}}],"collection":[{"href":"https:\/\/www.mastercam.com\/it\/wp-json\/wp\/v2\/posts"}],"about":[{"href":"https:\/\/www.mastercam.com\/it\/wp-json\/wp\/v2\/types\/post"}],"author":[{"embeddable":true,"href":"https:\/\/www.mastercam.com\/it\/wp-json\/wp\/v2\/users\/4"}],"replies":[{"embeddable":true,"href":"https:\/\/www.mastercam.com\/it\/wp-json\/wp\/v2\/comments?post=42579"}],"version-history":[{"count":0,"href":"https:\/\/www.mastercam.com\/it\/wp-json\/wp\/v2\/posts\/42579\/revisions"}],"wp:featuredmedia":[{"embeddable":true,"href":"https:\/\/www.mastercam.com\/it\/wp-json\/wp\/v2\/media\/42581"}],"wp:attachment":[{"href":"https:\/\/www.mastercam.com\/it\/wp-json\/wp\/v2\/media?parent=42579"}],"wp:term":[{"taxonomy":"category","embeddable":true,"href":"https:\/\/www.mastercam.com\/it\/wp-json\/wp\/v2\/categories?post=42579"},{"taxonomy":"post_tag","embeddable":true,"href":"https:\/\/www.mastercam.com\/it\/wp-json\/wp\/v2\/tags?post=42579"}],"curies":[{"name":"wp","href":"https:\/\/api.w.org\/{rel}","templated":true}]}}